{"id":971,"date":"2020-04-22T16:32:40","date_gmt":"2020-04-22T15:32:40","guid":{"rendered":"http:\/\/blog.american-motors-travel.com\/?p=971"},"modified":"2020-04-22T16:49:35","modified_gmt":"2020-04-22T15:49:35","slug":"buffalo-bill-une-legende-du-far-west","status":"publish","type":"post","link":"https:\/\/www.american-motors-travel.com\/blog\/buffalo-bill-une-legende-du-far-west\/","title":{"rendered":"Buffalo Bill : une l\u00e9gende du Far West."},"content":{"rendered":"\n<div class=\"wp-block-media-text alignwide is-stacked-on-mobile\" style=\"grid-template-columns:22% auto\"><figure class=\"wp-block-media-text__media\"><img decoding=\"async\" loading=\"lazy\" width=\"191\" height=\"264\" src=\"http:\/\/blog.american-motors-travel.com\/wp-content\/uploads\/2020\/04\/buffalo-bill-jeune.jpg\" alt=\"\" class=\"wp-image-972\"\/><\/figure><div class=\"wp-block-media-text__content\">\n<p class=\"has-drop-cap has-normal-font-size text_justify\">N\u00e9 en 1846 dans l\u2019Iowa, William Frederick Cody, est l\u2019une des figures les plus connue du grand ouest.<\/p>\n<\/div><\/div>\n\n\n\n<p class=\"text_justify\">Vivant par la suite au Texas, il verra son p\u00e8re anti-esclavagiste, poignard\u00e9 sous ses yeux lors d\u2019une bagarre. Il n\u2019avait que 14 ans lorsqu\u2019il participera \u00e0 la Ru\u00e9e vers l\u2019or des Pike Peak dans le Colorado, et deviendra en 1861, le plus jeune cavalier \u00e0 franchir les Rocky Mountains. Il travaillait alors pour le Pony Express, c\u00e9l\u00e8bre soci\u00e9t\u00e9 de coursier qui joignait le Missouri \u00e0 la Californie (la ru\u00e9e vers l\u2019or de la Californie ayant eu lieu une dizaine d\u2019ann\u00e9e auparavant et avait consid\u00e9rablement augment\u00e9 la population de ce tout jeune \u00e9tat).<\/p>\n\n\n\n<p class=\"text_justify\">Il fut dans le m\u00eame temps actif dans la Guerre de S\u00e9cession et dans les guerres indiennes au c\u00f4t\u00e9 du G\u00e9n\u00e9ral Custer en \u00e9tant \u00e9claireur.<\/p>\n\n\n\n<p class=\"text_justify\">A la fin de la guerre, il fut engag\u00e9 par la Kansas Pacific Railway (compagnie travaillant sur le chemin de fer transcontinental) afin de chasser les bisons destin\u00e9s \u00e0 nourrir les ouvriers. Il aurait alors gagn\u00e9 son surnom de Buffalo Bill, en tuant un nombre important de bisons (selon la l\u00e9gende, 69 en une seule journ\u00e9e), contribuant ainsi \u00e0 la disparition de cet animal, car il n\u2019\u00e9tait pour beaucoup tu\u00e9s que pour le prestige.<\/p>\n\n\n\n<p class=\"text_justify\">Buffalo Bill, st surtout connu mondialement pour son spectacle le Wild West Show, un spectacle populaire reproduisant les sc\u00e8nes mythiques du Far West am\u00e9ricain et la vie des Indiens des Plaines, qu\u2019il a cr\u00e9\u00e9 en 1883 \u00e0 Omaha, dans le Nebraska.<\/p>\n\n\n\n<div class=\"wp-block-media-text alignwide has-media-on-the-right is-stacked-on-mobile\" style=\"grid-template-columns:auto 41%\"><figure class=\"wp-block-media-text__media\"><img decoding=\"async\" loading=\"lazy\" width=\"276\" height=\"183\" src=\"https:\/\/blog.american-motors-travel.com\/wp-content\/uploads\/2020\/04\/wild-wild-west.jpg\" alt=\"\" class=\"wp-image-973\"\/><\/figure><div class=\"wp-block-media-text__content\">\n<p class=\"has-text-align-left has-normal-font-size text_justify\">Buffalo Bill, st surtout connu mondialement pour son spectacle le Wild West Show, un spectacle populaire reproduisant les sc\u00e8nes mythiques du Far West am\u00e9ricain et la vie des Indiens des Plaines, qu\u2019il a cr\u00e9\u00e9 en 1883 \u00e0 Omaha, dans le Nebraska.<\/p>\n<\/div><\/div>\n\n\n\n<p class=\"text_justify\">Il y regroupera Calamity Jane, et Annie Oakley mais aussi le grand chef indien Sitting Bull et contribuera \u00e0 r\u00e9pandre le mythe de la conqu\u00eate de l\u2019ouest. La troupe se produira pendant plus de 30 ans \u00e0 travers tout les USA mais aussi plusieurs tourn\u00e9es en Europe et participera notamment \u00e0 l\u2019exposition universelle de Paris en 1889 (la m\u00eame ann\u00e9e que la construction de la Tour Eiffel&nbsp;!). Il n\u2019arr\u00eatera les tourn\u00e9es du show qu\u2019au d\u00e9but des ann\u00e9es 1910.<\/p>\n\n\n\n<figure class=\"wp-block-gallery aligncenter columns-2 is-cropped wp-block-gallery-1 is-layout-flex\"><ul class=\"blocks-gallery-grid\"><li class=\"blocks-gallery-item\"><figure><img decoding=\"async\" loading=\"lazy\" width=\"283\" height=\"178\" src=\"https:\/\/blog.american-motors-travel.com\/wp-content\/uploads\/2020\/04\/wild-wild-west-paris.jpg\" alt=\"\" data-id=\"974\" data-full-url=\"https:\/\/blog.american-motors-travel.com\/wp-content\/uploads\/2020\/04\/wild-wild-west-paris.jpg\" data-link=\"https:\/\/blog.american-motors-travel.com\/?attachment_id=974\" class=\"wp-image-974\"\/><\/figure><\/li><li class=\"blocks-gallery-item\"><figure><img decoding=\"async\" loading=\"lazy\" width=\"270\" height=\"187\" src=\"https:\/\/blog.american-motors-travel.com\/wp-content\/uploads\/2020\/04\/wild-wild-west-portrait.jpg\" alt=\"\" data-id=\"975\" data-full-url=\"https:\/\/blog.american-motors-travel.com\/wp-content\/uploads\/2020\/04\/wild-wild-west-portrait.jpg\" data-link=\"https:\/\/blog.american-motors-travel.com\/?attachment_id=975\" class=\"wp-image-975\"\/><\/figure><\/li><\/ul><\/figure>\n\n\n\n<p class=\"text_justify\">Entre temps, d\u00e8s 1876, il participera \u00e0 la fondation de la ville de Cody (qui portera finalement son nom), destin\u00e9e au tourisme naissant du parc de Yellowstone, (ce fut le premier parc national \u00e0 \u00eatre cr\u00e9\u00e9 aux \u00c9tats-Unis en mars 1872. Dans le centre-ville de Cody, on peut toujours admirer (et y dormir&nbsp;!) l\u2019h\u00f4tel qu\u2019il construisit en 1902 et nomma ainsi en l\u2019honneur de sa fille cadette. L\u2019h\u00f4tel abritera d\u2019ailleurs un temps son amie Calamity Jane.<\/p>\n\n\n\n<p class=\"text_justify\">Envie de marcher sur les pas de cette l\u00e9gende du Far West&nbsp;? D\u00e9couvrez notre programme Rocky Mountains Tours, qui vous fera d\u00e9couvrir Cody, mais aussi Buffalo, Sheridan et bien s\u00fbr le parc de Yellowstone&nbsp;:<\/p>\n\n\n\n<p><a href=\"https:\/\/www.american-motors-travel.com\/voyage-a-moto\/etats-unis\/rocky-mountain-tours-249\">https:\/\/www.american-motors-travel.com\/voyage-a-moto\/etats-unis\/rocky-mountain-tours-249<\/a><\/p>\n","protected":false},"excerpt":{"rendered":"<p>N\u00e9 en 1846 dans l\u2019Iowa, William Frederick Cody, est l\u2019une des figures les plus connue du grand ouest. Vivant par la suite au Texas, il verra son p\u00e8re anti-esclavagiste, poignard\u00e9 sous ses yeux lors d\u2019une bagarre. Il n\u2019avait que 14 ans lorsqu\u2019il participera \u00e0 la Ru\u00e9e vers l\u2019or des Pike Peak dans le Colorado, et [&hellip;]<\/p>\n","protected":false},"author":2,"featured_media":0,"comment_status":"open","ping_status":"open","sticky":true,"template":"","format":"standard","meta":[],"categories":[1],"tags":[59,58,53,7,6,24,23,52],"_links":{"self":[{"href":"https:\/\/www.american-motors-travel.com\/blog\/wp-json\/wp\/v2\/posts\/971"}],"collection":[{"href":"https:\/\/www.american-motors-travel.com\/blog\/wp-json\/wp\/v2\/posts"}],"about":[{"href":"https:\/\/www.american-motors-travel.com\/blog\/wp-json\/wp\/v2\/types\/post"}],"author":[{"embeddable":true,"href":"https:\/\/www.american-motors-travel.com\/blog\/wp-json\/wp\/v2\/users\/2"}],"replies":[{"embeddable":true,"href":"https:\/\/www.american-motors-travel.com\/blog\/wp-json\/wp\/v2\/comments?post=971"}],"version-history":[{"count":5,"href":"https:\/\/www.american-motors-travel.com\/blog\/wp-json\/wp\/v2\/posts\/971\/revisions"}],"predecessor-version":[{"id":1017,"href":"https:\/\/www.american-motors-travel.com\/blog\/wp-json\/wp\/v2\/posts\/971\/revisions\/1017"}],"wp:attachment":[{"href":"https:\/\/www.american-motors-travel.com\/blog\/wp-json\/wp\/v2\/media?parent=971"}],"wp:term":[{"taxonomy":"category","embeddable":true,"href":"https:\/\/www.american-motors-travel.com\/blog\/wp-json\/wp\/v2\/categories?post=971"},{"taxonomy":"post_tag","embeddable":true,"href":"https:\/\/www.american-motors-travel.com\/blog\/wp-json\/wp\/v2\/tags?post=971"}],"curies":[{"name":"wp","href":"https:\/\/api.w.org\/{rel}","templated":true}]}}